{"id":822,"date":"2017-04-27T11:18:13","date_gmt":"2017-04-27T09:18:13","guid":{"rendered":"http:\/\/epso.umh.es\/?p=822"},"modified":"2017-04-27T11:18:13","modified_gmt":"2017-04-27T09:18:13","slug":"vento-para-emprendedores-y-no-emprendedores-emprendeweekend-v-edicion-los-dias-5-y-6-de-mayo-el-plazo-de-inscripcion-finaliza-el-proximo-28-de-abril","status":"publish","type":"post","link":"https:\/\/epso.umh.es\/ca\/2017\/04\/27\/vento-para-emprendedores-y-no-emprendedores-emprendeweekend-v-edicion-los-dias-5-y-6-de-mayo-el-plazo-de-inscripcion-finaliza-el-proximo-28-de-abril\/","title":{"rendered":"<span lang=\"es\">(Espa\u00f1ol) vento para emprendedores y no emprendedores: EmprendeWeekend  V Edici\u00f3n los d\u00edas 5 y 6 de mayo (el plazo de inscripci\u00f3n finaliza el pr\u00f3ximo 28 de abril)<\/span>"},"content":{"rendered":"<p class=\"qtranxs-available-languages-message qtranxs-available-languages-message-ca\">Ho sentim, aquesta entrada es troba disponible \u00fanicament en <a href=\"https:\/\/epso.umh.es\/es\/wp-json\/wp\/v2\/posts\/822\" class=\"qtranxs-available-language-link qtranxs-available-language-link-es\" title=\"Espa\u00f1ol\">Espanyol Europeu<\/a>.<\/p>","protected":false},"excerpt":{"rendered":"<p>Ho sentim, aquesta entrada es troba disponible \u00fanicament en Espanyol Europeu.<\/p>\n","protected":false},"author":348,"featured_media":0,"comment_status":"closed","ping_status":"closed","sticky":false,"template":"","format":"standard","meta":{"_links_to":"","_links_to_target":""},"categories":[1],"tags":[],"_links":{"self":[{"href":"https:\/\/epso.umh.es\/ca\/wp-json\/wp\/v2\/posts\/822"}],"collection":[{"href":"https:\/\/epso.umh.es\/ca\/wp-json\/wp\/v2\/posts"}],"about":[{"href":"https:\/\/epso.umh.es\/ca\/wp-json\/wp\/v2\/types\/post"}],"author":[{"embeddable":true,"href":"https:\/\/epso.umh.es\/ca\/wp-json\/wp\/v2\/users\/348"}],"replies":[{"embeddable":true,"href":"https:\/\/epso.umh.es\/ca\/wp-json\/wp\/v2\/comments?post=822"}],"version-history":[{"count":0,"href":"https:\/\/epso.umh.es\/ca\/wp-json\/wp\/v2\/posts\/822\/revisions"}],"wp:attachment":[{"href":"https:\/\/epso.umh.es\/ca\/wp-json\/wp\/v2\/media?parent=822"}],"wp:term":[{"taxonomy":"category","embeddable":true,"href":"https:\/\/epso.umh.es\/ca\/wp-json\/wp\/v2\/categories?post=822"},{"taxonomy":"post_tag","embeddable":true,"href":"https:\/\/epso.umh.es\/ca\/wp-json\/wp\/v2\/tags?post=822"}],"curies":[{"name":"wp","href":"https:\/\/api.w.org\/{rel}","templated":true}]}}